{"id":61,"date":"2014-01-29T12:59:59","date_gmt":"2014-01-29T12:59:59","guid":{"rendered":"http:\/\/apmairsoft.pt\/site\/?p=61"},"modified":"2014-01-29T15:13:28","modified_gmt":"2014-01-29T15:13:28","slug":"realizacao-do-2o-seminario-nacional-de-airsoft","status":"publish","type":"post","link":"http:\/\/apmairsoft.pt\/site\/blog\/realizacao-do-2o-seminario-nacional-de-airsoft\/","title":{"rendered":"Realiza\u00e7\u00e3o do 2\u00ba Semin\u00e1rio Nacional de Airsoft"},"content":{"rendered":"<p>TEMAS:<br \/>\n&#8211; Rela\u00e7\u00e3o entre Praticantes e Clubes\/Associa\u00e7\u00f5es;<br \/>\n&#8211; Factor Competi\u00e7\u00e3o e Recreio;<br \/>\n&#8211; Lojas, papel e desempenho;<br \/>\n&#8211; Eventos e sua organiza\u00e7\u00e3o.<\/p>\n<p>ORADORES:<br \/>\n&#8211; S\u00e9rgio Concei\u00e7\u00e3o<br \/>\n&#8211; Nuno Paix\u00e3o<br \/>\n&#8211; Andre Bettencourt<br \/>\n&#8211; Luis Filipe<\/p>\n<p>LOCAL:<br \/>\nF\u00f3rum Cultural da Chasa<br \/>\nR. Jos\u00e9 Ant\u00ba Ver\u00edssimo Silva<br \/>\n2615-107 Alverca do Ribatejo<\/p>\n<p>Obrigat\u00f3ria a pr\u00e9via inscri\u00e7\u00e3o at\u00e9 dia 28-01-2014, para o email secretariado.apma.apd@gmai<wbr \/>l.com com os seguintes dados:<br \/>\nNome, Data nascimento e Telefone.<br \/>\nA participa\u00e7\u00e3o est\u00e1 limitada a um numero de participantes.<\/p>\n","protected":false},"excerpt":{"rendered":"<p>TEMAS: &#8211; Rela\u00e7\u00e3o entre Praticantes e Clubes\/Associa\u00e7\u00f5es; &#8211; Factor Competi\u00e7\u00e3o e Recreio; &#8211; Lojas, papel e desempenho; &#8211; Eventos e sua organiza\u00e7\u00e3o. ORADORES: &#8211; S\u00e9rgio Concei\u00e7\u00e3o &#8211; Nuno Paix\u00e3o &#8211; Andre Bettencourt &#8211; Luis Filipe LOCAL: F\u00f3rum Cultural da Chasa R. Jos\u00e9 Ant\u00ba Ver\u00edssimo Silva 2615-107 Alverca do Ribatejo Obrigat\u00f3ria a pr\u00e9via inscri\u00e7\u00e3o at\u00e9 dia [&hellip;]<\/p>\n","protected":false},"author":1,"featured_media":14,"comment_status":"open","ping_status":"open","sticky":false,"template":"","format":"standard","meta":{"footnotes":""},"categories":[23],"tags":[],"class_list":{"0":"post-61","1":"post","2":"type-post","3":"status-publish","4":"format-standard","5":"has-post-thumbnail","7":"category-organizados","8":"czr-hentry"},"yoast_head":"<!-- This site is optimized with the Yoast SEO plugin v27.2 - https:\/\/yoast.com\/product\/yoast-seo-wordpress\/ -->\n<title>Realiza\u00e7\u00e3o do 2\u00ba Semin\u00e1rio Nacional de Airsoft - Associa\u00e7\u00e3o Portuguesa de Milsim e Airsoft, APD<\/title>\n<meta name=\"robots\" content=\"index, follow, max-snippet:-1, max-image-preview:large, max-video-preview:-1\" \/>\n<link rel=\"canonical\" href=\"https:\/\/apmairsoft.pt\/site\/blog\/realizacao-do-2o-seminario-nacional-de-airsoft\/\" \/>\n<meta property=\"og:locale\" content=\"pt_PT\" \/>\n<meta property=\"og:type\" content=\"article\" \/>\n<meta property=\"og:title\" content=\"Realiza\u00e7\u00e3o do 2\u00ba Semin\u00e1rio Nacional de Airsoft - Associa\u00e7\u00e3o Portuguesa de Milsim e Airsoft, APD\" \/>\n<meta property=\"og:description\" content=\"TEMAS: &#8211; Rela\u00e7\u00e3o entre Praticantes e Clubes\/Associa\u00e7\u00f5es; &#8211; Factor Competi\u00e7\u00e3o e Recreio; &#8211; Lojas, papel e desempenho; &#8211; Eventos e sua organiza\u00e7\u00e3o. ORADORES: &#8211; S\u00e9rgio Concei\u00e7\u00e3o &#8211; Nuno Paix\u00e3o &#8211; Andre Bettencourt &#8211; Luis Filipe LOCAL: F\u00f3rum Cultural da Chasa R. Jos\u00e9 Ant\u00ba Ver\u00edssimo Silva 2615-107 Alverca do Ribatejo Obrigat\u00f3ria a pr\u00e9via inscri\u00e7\u00e3o at\u00e9 dia [&hellip;]\" \/>\n<meta property=\"og:url\" content=\"https:\/\/apmairsoft.pt\/site\/blog\/realizacao-do-2o-seminario-nacional-de-airsoft\/\" \/>\n<meta property=\"og:site_name\" content=\"Associa\u00e7\u00e3o Portuguesa de Milsim e Airsoft, APD\" \/>\n<meta property=\"article:publisher\" content=\"https:\/\/www.facebook.com\/APMA.APD\" \/>\n<meta property=\"article:author\" content=\"https:\/\/www.facebook.com\/APMA.APD\" \/>\n<meta property=\"article:published_time\" content=\"2014-01-29T12:59:59+00:00\" \/>\n<meta property=\"article:modified_time\" content=\"2014-01-29T15:13:28+00:00\" \/>\n<meta property=\"og:image\" content=\"https:\/\/apmairsoft.pt\/site\/wp-content\/uploads\/2014\/01\/Semin\u00e1rio-Nacional-2.jpg\" \/>\n\t<meta property=\"og:image:width\" content=\"2481\" \/>\n\t<meta property=\"og:image:height\" content=\"3508\" \/>\n\t<meta property=\"og:image:type\" content=\"image\/jpeg\" \/>\n<meta name=\"author\" content=\"APMA-APD\" \/>\n<meta name=\"twitter:label1\" content=\"Escrito por\" \/>\n\t<meta name=\"twitter:data1\" content=\"APMA-APD\" \/>\n<script type=\"application\/ld+json\" class=\"yoast-schema-graph\">{\"@context\":\"https:\/\/schema.org\",\"@graph\":[{\"@type\":\"Article\",\"@id\":\"https:\/\/apmairsoft.pt\/site\/blog\/realizacao-do-2o-seminario-nacional-de-airsoft\/#article\",\"isPartOf\":{\"@id\":\"https:\/\/apmairsoft.pt\/site\/blog\/realizacao-do-2o-seminario-nacional-de-airsoft\/\"},\"author\":{\"name\":\"APMA-APD\",\"@id\":\"https:\/\/apmairsoft.pt\/site\/#\/schema\/person\/902a631a5585960eda0b6294c74b32bb\"},\"headline\":\"Realiza\u00e7\u00e3o do 2\u00ba Semin\u00e1rio Nacional de Airsoft\",\"datePublished\":\"2014-01-29T12:59:59+00:00\",\"dateModified\":\"2014-01-29T15:13:28+00:00\",\"mainEntityOfPage\":{\"@id\":\"https:\/\/apmairsoft.pt\/site\/blog\/realizacao-do-2o-seminario-nacional-de-airsoft\/\"},\"wordCount\":105,\"commentCount\":0,\"publisher\":{\"@id\":\"https:\/\/apmairsoft.pt\/site\/#organization\"},\"image\":{\"@id\":\"https:\/\/apmairsoft.pt\/site\/blog\/realizacao-do-2o-seminario-nacional-de-airsoft\/#primaryimage\"},\"thumbnailUrl\":\"http:\/\/apmairsoft.pt\/site\/wp-content\/uploads\/2014\/01\/Semin\u00e1rio-Nacional-2.jpg\",\"articleSection\":[\"Organizados\"],\"inLanguage\":\"pt-PT\",\"potentialAction\":[{\"@type\":\"CommentAction\",\"name\":\"Comment\",\"target\":[\"https:\/\/apmairsoft.pt\/site\/blog\/realizacao-do-2o-seminario-nacional-de-airsoft\/#respond\"]}]},{\"@type\":\"WebPage\",\"@id\":\"https:\/\/apmairsoft.pt\/site\/blog\/realizacao-do-2o-seminario-nacional-de-airsoft\/\",\"url\":\"https:\/\/apmairsoft.pt\/site\/blog\/realizacao-do-2o-seminario-nacional-de-airsoft\/\",\"name\":\"Realiza\u00e7\u00e3o do 2\u00ba Semin\u00e1rio Nacional de Airsoft - Associa\u00e7\u00e3o Portuguesa de Milsim e Airsoft, APD\",\"isPartOf\":{\"@id\":\"https:\/\/apmairsoft.pt\/site\/#website\"},\"primaryImageOfPage\":{\"@id\":\"https:\/\/apmairsoft.pt\/site\/blog\/realizacao-do-2o-seminario-nacional-de-airsoft\/#primaryimage\"},\"image\":{\"@id\":\"https:\/\/apmairsoft.pt\/site\/blog\/realizacao-do-2o-seminario-nacional-de-airsoft\/#primaryimage\"},\"thumbnailUrl\":\"http:\/\/apmairsoft.pt\/site\/wp-content\/uploads\/2014\/01\/Semin\u00e1rio-Nacional-2.jpg\",\"datePublished\":\"2014-01-29T12:59:59+00:00\",\"dateModified\":\"2014-01-29T15:13:28+00:00\",\"inLanguage\":\"pt-PT\",\"potentialAction\":[{\"@type\":\"ReadAction\",\"target\":[\"https:\/\/apmairsoft.pt\/site\/blog\/realizacao-do-2o-seminario-nacional-de-airsoft\/\"]}]},{\"@type\":\"ImageObject\",\"inLanguage\":\"pt-PT\",\"@id\":\"https:\/\/apmairsoft.pt\/site\/blog\/realizacao-do-2o-seminario-nacional-de-airsoft\/#primaryimage\",\"url\":\"http:\/\/apmairsoft.pt\/site\/wp-content\/uploads\/2014\/01\/Semin\u00e1rio-Nacional-2.jpg\",\"contentUrl\":\"http:\/\/apmairsoft.pt\/site\/wp-content\/uploads\/2014\/01\/Semin\u00e1rio-Nacional-2.jpg\",\"width\":2481,\"height\":3508},{\"@type\":\"WebSite\",\"@id\":\"https:\/\/apmairsoft.pt\/site\/#website\",\"url\":\"https:\/\/apmairsoft.pt\/site\/\",\"name\":\"Associa\u00e7\u00e3o Portuguesa de Milsim e Airsoft, APD\",\"description\":\"APMA \u00e9 uma Associa\u00e7\u00e3o Promotora de Desporto, est\u00e1 Registada no Instituto Portugu\u00eas do Desporto e da Juventude e na Direc\u00e7\u00e3o Nacional da Policia de Seguran\u00e7a P\u00fablica. \u00c9 portanto uma Entidade legal Para-federativa de caracter Nacional\",\"publisher\":{\"@id\":\"https:\/\/apmairsoft.pt\/site\/#organization\"},\"potentialAction\":[{\"@type\":\"SearchAction\",\"target\":{\"@type\":\"EntryPoint\",\"urlTemplate\":\"https:\/\/apmairsoft.pt\/site\/?s={search_term_string}\"},\"query-input\":{\"@type\":\"PropertyValueSpecification\",\"valueRequired\":true,\"valueName\":\"search_term_string\"}}],\"inLanguage\":\"pt-PT\"},{\"@type\":\"Organization\",\"@id\":\"https:\/\/apmairsoft.pt\/site\/#organization\",\"name\":\"APMA - Associa\u00e7\u00e3o Portuguesa de Milsim e Airsoft, APD\",\"url\":\"https:\/\/apmairsoft.pt\/site\/\",\"logo\":{\"@type\":\"ImageObject\",\"inLanguage\":\"pt-PT\",\"@id\":\"https:\/\/apmairsoft.pt\/site\/#\/schema\/logo\/image\/\",\"url\":\"http:\/\/apmairsoft.pt\/site\/wp-content\/uploads\/2019\/11\/APMA_preto-280x135.jpg\",\"contentUrl\":\"http:\/\/apmairsoft.pt\/site\/wp-content\/uploads\/2019\/11\/APMA_preto-280x135.jpg\",\"width\":280,\"height\":135,\"caption\":\"APMA - Associa\u00e7\u00e3o Portuguesa de Milsim e Airsoft, APD\"},\"image\":{\"@id\":\"https:\/\/apmairsoft.pt\/site\/#\/schema\/logo\/image\/\"},\"sameAs\":[\"https:\/\/www.facebook.com\/APMA.APD\",\"https:\/\/x.com\/APMA_APD\"]},{\"@type\":\"Person\",\"@id\":\"https:\/\/apmairsoft.pt\/site\/#\/schema\/person\/902a631a5585960eda0b6294c74b32bb\",\"name\":\"APMA-APD\",\"image\":{\"@type\":\"ImageObject\",\"inLanguage\":\"pt-PT\",\"@id\":\"https:\/\/secure.gravatar.com\/avatar\/4b18715ce264755470cd55f805ac2f75971324053378681f764ca4f1f03c0603?s=96&d=mm&r=g\",\"url\":\"https:\/\/secure.gravatar.com\/avatar\/4b18715ce264755470cd55f805ac2f75971324053378681f764ca4f1f03c0603?s=96&d=mm&r=g\",\"contentUrl\":\"https:\/\/secure.gravatar.com\/avatar\/4b18715ce264755470cd55f805ac2f75971324053378681f764ca4f1f03c0603?s=96&d=mm&r=g\",\"caption\":\"APMA-APD\"},\"sameAs\":[\"http:\/\/apmairsoft.pt\/site\/\",\"https:\/\/www.facebook.com\/APMA.APD\",\"https:\/\/x.com\/APMA_APD\"],\"url\":\"http:\/\/apmairsoft.pt\/site\/blog\/author\/apma-apd\/\"}]}<\/script>\n<!-- \/ Yoast SEO plugin. -->","yoast_head_json":{"title":"Realiza\u00e7\u00e3o do 2\u00ba Semin\u00e1rio Nacional de Airsoft - Associa\u00e7\u00e3o Portuguesa de Milsim e Airsoft, APD","robots":{"index":"index","follow":"follow","max-snippet":"max-snippet:-1","max-image-preview":"max-image-preview:large","max-video-preview":"max-video-preview:-1"},"canonical":"https:\/\/apmairsoft.pt\/site\/blog\/realizacao-do-2o-seminario-nacional-de-airsoft\/","og_locale":"pt_PT","og_type":"article","og_title":"Realiza\u00e7\u00e3o do 2\u00ba Semin\u00e1rio Nacional de Airsoft - Associa\u00e7\u00e3o Portuguesa de Milsim e Airsoft, APD","og_description":"TEMAS: &#8211; Rela\u00e7\u00e3o entre Praticantes e Clubes\/Associa\u00e7\u00f5es; &#8211; Factor Competi\u00e7\u00e3o e Recreio; &#8211; Lojas, papel e desempenho; &#8211; Eventos e sua organiza\u00e7\u00e3o. ORADORES: &#8211; S\u00e9rgio Concei\u00e7\u00e3o &#8211; Nuno Paix\u00e3o &#8211; Andre Bettencourt &#8211; Luis Filipe LOCAL: F\u00f3rum Cultural da Chasa R. Jos\u00e9 Ant\u00ba Ver\u00edssimo Silva 2615-107 Alverca do Ribatejo Obrigat\u00f3ria a pr\u00e9via inscri\u00e7\u00e3o at\u00e9 dia [&hellip;]","og_url":"https:\/\/apmairsoft.pt\/site\/blog\/realizacao-do-2o-seminario-nacional-de-airsoft\/","og_site_name":"Associa\u00e7\u00e3o Portuguesa de Milsim e Airsoft, APD","article_publisher":"https:\/\/www.facebook.com\/APMA.APD","article_author":"https:\/\/www.facebook.com\/APMA.APD","article_published_time":"2014-01-29T12:59:59+00:00","article_modified_time":"2014-01-29T15:13:28+00:00","og_image":[{"width":2481,"height":3508,"url":"https:\/\/apmairsoft.pt\/site\/wp-content\/uploads\/2014\/01\/Semin\u00e1rio-Nacional-2.jpg","type":"image\/jpeg"}],"author":"APMA-APD","twitter_misc":{"Escrito por":"APMA-APD"},"schema":{"@context":"https:\/\/schema.org","@graph":[{"@type":"Article","@id":"https:\/\/apmairsoft.pt\/site\/blog\/realizacao-do-2o-seminario-nacional-de-airsoft\/#article","isPartOf":{"@id":"https:\/\/apmairsoft.pt\/site\/blog\/realizacao-do-2o-seminario-nacional-de-airsoft\/"},"author":{"name":"APMA-APD","@id":"https:\/\/apmairsoft.pt\/site\/#\/schema\/person\/902a631a5585960eda0b6294c74b32bb"},"headline":"Realiza\u00e7\u00e3o do 2\u00ba Semin\u00e1rio Nacional de Airsoft","datePublished":"2014-01-29T12:59:59+00:00","dateModified":"2014-01-29T15:13:28+00:00","mainEntityOfPage":{"@id":"https:\/\/apmairsoft.pt\/site\/blog\/realizacao-do-2o-seminario-nacional-de-airsoft\/"},"wordCount":105,"commentCount":0,"publisher":{"@id":"https:\/\/apmairsoft.pt\/site\/#organization"},"image":{"@id":"https:\/\/apmairsoft.pt\/site\/blog\/realizacao-do-2o-seminario-nacional-de-airsoft\/#primaryimage"},"thumbnailUrl":"http:\/\/apmairsoft.pt\/site\/wp-content\/uploads\/2014\/01\/Semin\u00e1rio-Nacional-2.jpg","articleSection":["Organizados"],"inLanguage":"pt-PT","potentialAction":[{"@type":"CommentAction","name":"Comment","target":["https:\/\/apmairsoft.pt\/site\/blog\/realizacao-do-2o-seminario-nacional-de-airsoft\/#respond"]}]},{"@type":"WebPage","@id":"https:\/\/apmairsoft.pt\/site\/blog\/realizacao-do-2o-seminario-nacional-de-airsoft\/","url":"https:\/\/apmairsoft.pt\/site\/blog\/realizacao-do-2o-seminario-nacional-de-airsoft\/","name":"Realiza\u00e7\u00e3o do 2\u00ba Semin\u00e1rio Nacional de Airsoft - Associa\u00e7\u00e3o Portuguesa de Milsim e Airsoft, APD","isPartOf":{"@id":"https:\/\/apmairsoft.pt\/site\/#website"},"primaryImageOfPage":{"@id":"https:\/\/apmairsoft.pt\/site\/blog\/realizacao-do-2o-seminario-nacional-de-airsoft\/#primaryimage"},"image":{"@id":"https:\/\/apmairsoft.pt\/site\/blog\/realizacao-do-2o-seminario-nacional-de-airsoft\/#primaryimage"},"thumbnailUrl":"http:\/\/apmairsoft.pt\/site\/wp-content\/uploads\/2014\/01\/Semin\u00e1rio-Nacional-2.jpg","datePublished":"2014-01-29T12:59:59+00:00","dateModified":"2014-01-29T15:13:28+00:00","inLanguage":"pt-PT","potentialAction":[{"@type":"ReadAction","target":["https:\/\/apmairsoft.pt\/site\/blog\/realizacao-do-2o-seminario-nacional-de-airsoft\/"]}]},{"@type":"ImageObject","inLanguage":"pt-PT","@id":"https:\/\/apmairsoft.pt\/site\/blog\/realizacao-do-2o-seminario-nacional-de-airsoft\/#primaryimage","url":"http:\/\/apmairsoft.pt\/site\/wp-content\/uploads\/2014\/01\/Semin\u00e1rio-Nacional-2.jpg","contentUrl":"http:\/\/apmairsoft.pt\/site\/wp-content\/uploads\/2014\/01\/Semin\u00e1rio-Nacional-2.jpg","width":2481,"height":3508},{"@type":"WebSite","@id":"https:\/\/apmairsoft.pt\/site\/#website","url":"https:\/\/apmairsoft.pt\/site\/","name":"Associa\u00e7\u00e3o Portuguesa de Milsim e Airsoft, APD","description":"APMA \u00e9 uma Associa\u00e7\u00e3o Promotora de Desporto, est\u00e1 Registada no Instituto Portugu\u00eas do Desporto e da Juventude e na Direc\u00e7\u00e3o Nacional da Policia de Seguran\u00e7a P\u00fablica. \u00c9 portanto uma Entidade legal Para-federativa de caracter Nacional","publisher":{"@id":"https:\/\/apmairsoft.pt\/site\/#organization"},"potentialAction":[{"@type":"SearchAction","target":{"@type":"EntryPoint","urlTemplate":"https:\/\/apmairsoft.pt\/site\/?s={search_term_string}"},"query-input":{"@type":"PropertyValueSpecification","valueRequired":true,"valueName":"search_term_string"}}],"inLanguage":"pt-PT"},{"@type":"Organization","@id":"https:\/\/apmairsoft.pt\/site\/#organization","name":"APMA - Associa\u00e7\u00e3o Portuguesa de Milsim e Airsoft, APD","url":"https:\/\/apmairsoft.pt\/site\/","logo":{"@type":"ImageObject","inLanguage":"pt-PT","@id":"https:\/\/apmairsoft.pt\/site\/#\/schema\/logo\/image\/","url":"http:\/\/apmairsoft.pt\/site\/wp-content\/uploads\/2019\/11\/APMA_preto-280x135.jpg","contentUrl":"http:\/\/apmairsoft.pt\/site\/wp-content\/uploads\/2019\/11\/APMA_preto-280x135.jpg","width":280,"height":135,"caption":"APMA - Associa\u00e7\u00e3o Portuguesa de Milsim e Airsoft, APD"},"image":{"@id":"https:\/\/apmairsoft.pt\/site\/#\/schema\/logo\/image\/"},"sameAs":["https:\/\/www.facebook.com\/APMA.APD","https:\/\/x.com\/APMA_APD"]},{"@type":"Person","@id":"https:\/\/apmairsoft.pt\/site\/#\/schema\/person\/902a631a5585960eda0b6294c74b32bb","name":"APMA-APD","image":{"@type":"ImageObject","inLanguage":"pt-PT","@id":"https:\/\/secure.gravatar.com\/avatar\/4b18715ce264755470cd55f805ac2f75971324053378681f764ca4f1f03c0603?s=96&d=mm&r=g","url":"https:\/\/secure.gravatar.com\/avatar\/4b18715ce264755470cd55f805ac2f75971324053378681f764ca4f1f03c0603?s=96&d=mm&r=g","contentUrl":"https:\/\/secure.gravatar.com\/avatar\/4b18715ce264755470cd55f805ac2f75971324053378681f764ca4f1f03c0603?s=96&d=mm&r=g","caption":"APMA-APD"},"sameAs":["http:\/\/apmairsoft.pt\/site\/","https:\/\/www.facebook.com\/APMA.APD","https:\/\/x.com\/APMA_APD"],"url":"http:\/\/apmairsoft.pt\/site\/blog\/author\/apma-apd\/"}]}},"_links":{"self":[{"href":"http:\/\/apmairsoft.pt\/site\/wp-json\/wp\/v2\/posts\/61","targetHints":{"allow":["GET"]}}],"collection":[{"href":"http:\/\/apmairsoft.pt\/site\/wp-json\/wp\/v2\/posts"}],"about":[{"href":"http:\/\/apmairsoft.pt\/site\/wp-json\/wp\/v2\/types\/post"}],"author":[{"embeddable":true,"href":"http:\/\/apmairsoft.pt\/site\/wp-json\/wp\/v2\/users\/1"}],"replies":[{"embeddable":true,"href":"http:\/\/apmairsoft.pt\/site\/wp-json\/wp\/v2\/comments?post=61"}],"version-history":[{"count":1,"href":"http:\/\/apmairsoft.pt\/site\/wp-json\/wp\/v2\/posts\/61\/revisions"}],"predecessor-version":[{"id":62,"href":"http:\/\/apmairsoft.pt\/site\/wp-json\/wp\/v2\/posts\/61\/revisions\/62"}],"wp:featuredmedia":[{"embeddable":true,"href":"http:\/\/apmairsoft.pt\/site\/wp-json\/wp\/v2\/media\/14"}],"wp:attachment":[{"href":"http:\/\/apmairsoft.pt\/site\/wp-json\/wp\/v2\/media?parent=61"}],"wp:term":[{"taxonomy":"category","embeddable":true,"href":"http:\/\/apmairsoft.pt\/site\/wp-json\/wp\/v2\/categories?post=61"},{"taxonomy":"post_tag","embeddable":true,"href":"http:\/\/apmairsoft.pt\/site\/wp-json\/wp\/v2\/tags?post=61"}],"curies":[{"name":"wp","href":"https:\/\/api.w.org\/{rel}","templated":true}]}}